{"id":4927,"date":"2020-03-23T13:13:05","date_gmt":"2020-03-23T12:13:05","guid":{"rendered":"https:\/\/paradigm21.ch\/?p=4927"},"modified":"2025-01-31T12:41:08","modified_gmt":"2025-01-31T11:41:08","slug":"espace-ecoute","status":"publish","type":"post","link":"https:\/\/paradigm21.ch\/fr\/ressources\/articles\/espace-ecoute\/","title":{"rendered":"Offre d&rsquo;espaces d&rsquo;\u00e9coute"},"content":{"rendered":"<p>Durant la p\u00e9riode du COVID nous avons ouvert cet espace d&rsquo;\u00e9coute et re\u00e7u plusieurs sollicitations de personnes et d&rsquo;organisations qui se trouvaient dans des situations stressantes. Des relations se sont tiss\u00e9es avec certaines personnes. Mais pourquoi mettre fin \u00e0 cette offre apr\u00e8s la \u00ab\u00a0fin\u00a0\u00bb du COVID ?<\/p><p>L&rsquo;\u00e9quipe de Paradigm21 souhaite contribuer positivement par une \u00e9coute humaine appropri\u00e9e. Nous avons d\u00e9cid\u00e9 de continuer \u00e0 mettre notre \u00e9nergie et nos ressources au service de nos clients et de notre r\u00e9seau de fa\u00e7on totalement d\u00e9sint\u00e9ress\u00e9e.<\/p><p>Note \u00e9quipe rassemble des professionnels de l&rsquo;accompagnement personnel et organisationnel. Nous offrons d\u00e8s maintenant \u00e0 nos clients et \u00e0 nos contacts des espaces d&rsquo;\u00e9coute active individuelle de 20 \u00e0 30 minutes, sans limitation de nombre. Au cours de ces sessions, nous visons \u00e0 r\u00e9pondre aux besoins sp\u00e9cifiques de chaque individu selon diff\u00e9rentes approches :<\/p><ul class=\"wp-block-list\"><li>la cr\u00e9ation d&rsquo;un espace d&rsquo;\u00e9coute pour permettre de s&rsquo;exprimer librement<\/li>\n\n<li>du coaching ou du mentorat sur des questions professionnelles ou personnelles<\/li>\n\n<li>des conseils sur la fa\u00e7on de travailler en \u00e9quipe ou d&rsquo;organiser son travail <\/li>\n\n<li>un accompagnement sur les questions de sens, d&rsquo;\u00e9volution de la soci\u00e9t\u00e9 ou de nature spirituelle<\/li><\/ul><p>Durant ces espaces, nous accueillons tout ce qui est exprim\u00e9. Nous offrons cela gracieusement, sans arri\u00e8re-pens\u00e9e et garantissons le plus haut niveau de professionnalisme et de confidentialit\u00e9.<\/p><p>Vous pouvez r\u00e9server directement des sessions avec nous&nbsp;<a href=\"https:\/\/forms.office.com\/Pages\/ResponsePage.aspx?id=WFiBT309jEa5TrfK24bzc0w1Va8vs25CiwDGNkhQX9NUREEwMkZNT1E0QkNKWVlNM1E2MFJKUU04VCQlQCN0PWcu\" target=\"_blank\" rel=\"noreferrer noopener\">en cliquant ici<\/a>.<\/p><p>&#8212; Toute l&rsquo;\u00e9quipe de paradigm21<\/p>","protected":false},"excerpt":{"rendered":"<p>Durant la p\u00e9riode du COVID nous avons ouvert cet espace d&rsquo;\u00e9coute et re\u00e7u plusieurs sollicitations de personnes et d&rsquo;organisations qui se trouvaient dans des situations&hellip;<\/p>\n","protected":false},"author":8,"featured_media":6432,"comment_status":"open","ping_status":"open","sticky":false,"template":"","format":"standard","meta":{"footnotes":""},"categories":[69],"tags":[115,116],"class_list":["post-4927","post","type-post","status-publish","format-standard","has-post-thumbnail","hentry","category-articles","tag-dynamiques-du-changement","tag-leadership-situationnel",""],"yoast_head":"<!-- This site is optimized with the Yoast SEO Premium plugin v24.2 (Yoast SEO v24.5) - https:\/\/yoast.com\/wordpress\/plugins\/seo\/ -->\n<title>Offre d&#039;espaces d&#039;\u00e9coute - Paradigm21<\/title>\n<meta name=\"description\" content=\"Nous mettons notre \u00e9nergie et nos ressources au service de nos clients et de notre r\u00e9seau en offrant des espaces d\u2019\u00e9coute active.\" \/>\n<meta name=\"robots\" content=\"index, follow, max-snippet:-1, max-image-preview:large, max-video-preview:-1\" \/>\n<link rel=\"canonical\" href=\"https:\/\/paradigm21.ch\/fr\/ressources\/articles\/espace-ecoute\/\" \/>\n<meta property=\"og:locale\" content=\"fr_FR\" \/>\n<meta property=\"og:type\" content=\"article\" \/>\n<meta property=\"og:title\" content=\"Offre d&#039;espaces d&#039;\u00e9coute\" \/>\n<meta property=\"og:description\" content=\"Nous mettons notre \u00e9nergie et nos ressources au service de nos clients et de notre r\u00e9seau en offrant des espaces d\u2019\u00e9coute active.\" \/>\n<meta property=\"og:url\" content=\"https:\/\/paradigm21.ch\/fr\/ressources\/articles\/espace-ecoute\/\" \/>\n<meta property=\"og:site_name\" content=\"Paradigm21\" \/>\n<meta property=\"article:publisher\" content=\"https:\/\/www.facebook.com\/paradigm21.ch\" \/>\n<meta property=\"article:published_time\" content=\"2020-03-23T12:13:05+00:00\" \/>\n<meta property=\"article:modified_time\" content=\"2025-01-31T11:41:08+00:00\" \/>\n<meta property=\"og:image\" content=\"https:\/\/paradigm21.ch\/wp-content\/uploads\/2023\/12\/ecoute-2.png\" \/>\n\t<meta property=\"og:image:width\" content=\"3602\" \/>\n\t<meta property=\"og:image:height\" content=\"1246\" \/>\n\t<meta property=\"og:image:type\" content=\"image\/png\" \/>\n<meta name=\"author\" content=\"Paradigm21\" \/>\n<meta name=\"twitter:card\" content=\"summary_large_image\" \/>\n<meta name=\"twitter:creator\" content=\"@webmaster\" \/>\n<meta name=\"twitter:label1\" content=\"\u00c9crit par\" \/>\n\t<meta name=\"twitter:data1\" content=\"Paradigm21\" \/>\n\t<meta name=\"twitter:label2\" content=\"Dur\u00e9e de lecture estim\u00e9e\" \/>\n\t<meta name=\"twitter:data2\" content=\"2 minutes\" \/>\n<script type=\"application\/ld+json\" class=\"yoast-schema-graph\">{\"@context\":\"https:\/\/schema.org\",\"@graph\":[{\"@type\":\"WebPage\",\"@id\":\"https:\/\/paradigm21.ch\/fr\/ressources\/articles\/espace-ecoute\/\",\"url\":\"https:\/\/paradigm21.ch\/fr\/ressources\/articles\/espace-ecoute\/\",\"name\":\"Offre d'espaces d'\u00e9coute - Paradigm21\",\"isPartOf\":{\"@id\":\"https:\/\/paradigm21.ch\/fr\/#website\"},\"primaryImageOfPage\":{\"@id\":\"https:\/\/paradigm21.ch\/fr\/ressources\/articles\/espace-ecoute\/#primaryimage\"},\"image\":{\"@id\":\"https:\/\/paradigm21.ch\/fr\/ressources\/articles\/espace-ecoute\/#primaryimage\"},\"thumbnailUrl\":\"https:\/\/paradigm21.ch\/wp-content\/uploads\/2023\/12\/ecoute-2.png\",\"datePublished\":\"2020-03-23T12:13:05+00:00\",\"dateModified\":\"2025-01-31T11:41:08+00:00\",\"author\":{\"@id\":\"https:\/\/paradigm21.ch\/fr\/#\/schema\/person\/89206054d0d49b6a6cb1cbb031519c32\"},\"description\":\"Nous mettons notre \u00e9nergie et nos ressources au service de nos clients et de notre r\u00e9seau en offrant des espaces d\u2019\u00e9coute active.\",\"breadcrumb\":{\"@id\":\"https:\/\/paradigm21.ch\/fr\/ressources\/articles\/espace-ecoute\/#breadcrumb\"},\"inLanguage\":\"fr-FR\",\"potentialAction\":[{\"@type\":\"ReadAction\",\"target\":[\"https:\/\/paradigm21.ch\/fr\/ressources\/articles\/espace-ecoute\/\"]}]},{\"@type\":\"ImageObject\",\"inLanguage\":\"fr-FR\",\"@id\":\"https:\/\/paradigm21.ch\/fr\/ressources\/articles\/espace-ecoute\/#primaryimage\",\"url\":\"https:\/\/paradigm21.ch\/wp-content\/uploads\/2023\/12\/ecoute-2.png\",\"contentUrl\":\"https:\/\/paradigm21.ch\/wp-content\/uploads\/2023\/12\/ecoute-2.png\",\"width\":3602,\"height\":1246},{\"@type\":\"BreadcrumbList\",\"@id\":\"https:\/\/paradigm21.ch\/fr\/ressources\/articles\/espace-ecoute\/#breadcrumb\",\"itemListElement\":[{\"@type\":\"ListItem\",\"position\":1,\"name\":\"Accueil\",\"item\":\"https:\/\/paradigm21.ch\/fr\/accueil\/\"},{\"@type\":\"ListItem\",\"position\":2,\"name\":\"Offre d&#8217;espaces d&#8217;\u00e9coute\"}]},{\"@type\":\"WebSite\",\"@id\":\"https:\/\/paradigm21.ch\/fr\/#website\",\"url\":\"https:\/\/paradigm21.ch\/fr\/\",\"name\":\"Paradigm21\",\"description\":\"\",\"potentialAction\":[{\"@type\":\"SearchAction\",\"target\":{\"@type\":\"EntryPoint\",\"urlTemplate\":\"https:\/\/paradigm21.ch\/fr\/?s={search_term_string}\"},\"query-input\":{\"@type\":\"PropertyValueSpecification\",\"valueRequired\":true,\"valueName\":\"search_term_string\"}}],\"inLanguage\":\"fr-FR\"},{\"@type\":\"Person\",\"@id\":\"https:\/\/paradigm21.ch\/fr\/#\/schema\/person\/89206054d0d49b6a6cb1cbb031519c32\",\"name\":\"Paradigm21\",\"image\":{\"@type\":\"ImageObject\",\"inLanguage\":\"fr-FR\",\"@id\":\"https:\/\/paradigm21.ch\/fr\/#\/schema\/person\/image\/\",\"url\":\"https:\/\/paradigm21.ch\/wp-content\/uploads\/2024\/09\/Favicon.png\",\"contentUrl\":\"https:\/\/paradigm21.ch\/wp-content\/uploads\/2024\/09\/Favicon.png\",\"caption\":\"Paradigm21\"},\"sameAs\":[\"https:\/\/x.com\/webmaster\"],\"url\":\"https:\/\/paradigm21.ch\/fr\/team\/paradigm21\/\"}]}<\/script>\n<!-- \/ Yoast SEO Premium plugin. -->","yoast_head_json":{"title":"Offre d'espaces d'\u00e9coute - Paradigm21","description":"Nous mettons notre \u00e9nergie et nos ressources au service de nos clients et de notre r\u00e9seau en offrant des espaces d\u2019\u00e9coute active.","robots":{"index":"index","follow":"follow","max-snippet":"max-snippet:-1","max-image-preview":"max-image-preview:large","max-video-preview":"max-video-preview:-1"},"canonical":"https:\/\/paradigm21.ch\/fr\/ressources\/articles\/espace-ecoute\/","og_locale":"fr_FR","og_type":"article","og_title":"Offre d'espaces d'\u00e9coute","og_description":"Nous mettons notre \u00e9nergie et nos ressources au service de nos clients et de notre r\u00e9seau en offrant des espaces d\u2019\u00e9coute active.","og_url":"https:\/\/paradigm21.ch\/fr\/ressources\/articles\/espace-ecoute\/","og_site_name":"Paradigm21","article_publisher":"https:\/\/www.facebook.com\/paradigm21.ch","article_published_time":"2020-03-23T12:13:05+00:00","article_modified_time":"2025-01-31T11:41:08+00:00","og_image":[{"width":3602,"height":1246,"url":"https:\/\/paradigm21.ch\/wp-content\/uploads\/2023\/12\/ecoute-2.png","type":"image\/png"}],"author":"Paradigm21","twitter_card":"summary_large_image","twitter_creator":"@webmaster","twitter_misc":{"\u00c9crit par":"Paradigm21","Dur\u00e9e de lecture estim\u00e9e":"2 minutes"},"schema":{"@context":"https:\/\/schema.org","@graph":[{"@type":"WebPage","@id":"https:\/\/paradigm21.ch\/fr\/ressources\/articles\/espace-ecoute\/","url":"https:\/\/paradigm21.ch\/fr\/ressources\/articles\/espace-ecoute\/","name":"Offre d'espaces d'\u00e9coute - Paradigm21","isPartOf":{"@id":"https:\/\/paradigm21.ch\/fr\/#website"},"primaryImageOfPage":{"@id":"https:\/\/paradigm21.ch\/fr\/ressources\/articles\/espace-ecoute\/#primaryimage"},"image":{"@id":"https:\/\/paradigm21.ch\/fr\/ressources\/articles\/espace-ecoute\/#primaryimage"},"thumbnailUrl":"https:\/\/paradigm21.ch\/wp-content\/uploads\/2023\/12\/ecoute-2.png","datePublished":"2020-03-23T12:13:05+00:00","dateModified":"2025-01-31T11:41:08+00:00","author":{"@id":"https:\/\/paradigm21.ch\/fr\/#\/schema\/person\/89206054d0d49b6a6cb1cbb031519c32"},"description":"Nous mettons notre \u00e9nergie et nos ressources au service de nos clients et de notre r\u00e9seau en offrant des espaces d\u2019\u00e9coute active.","breadcrumb":{"@id":"https:\/\/paradigm21.ch\/fr\/ressources\/articles\/espace-ecoute\/#breadcrumb"},"inLanguage":"fr-FR","potentialAction":[{"@type":"ReadAction","target":["https:\/\/paradigm21.ch\/fr\/ressources\/articles\/espace-ecoute\/"]}]},{"@type":"ImageObject","inLanguage":"fr-FR","@id":"https:\/\/paradigm21.ch\/fr\/ressources\/articles\/espace-ecoute\/#primaryimage","url":"https:\/\/paradigm21.ch\/wp-content\/uploads\/2023\/12\/ecoute-2.png","contentUrl":"https:\/\/paradigm21.ch\/wp-content\/uploads\/2023\/12\/ecoute-2.png","width":3602,"height":1246},{"@type":"BreadcrumbList","@id":"https:\/\/paradigm21.ch\/fr\/ressources\/articles\/espace-ecoute\/#breadcrumb","itemListElement":[{"@type":"ListItem","position":1,"name":"Accueil","item":"https:\/\/paradigm21.ch\/fr\/accueil\/"},{"@type":"ListItem","position":2,"name":"Offre d&#8217;espaces d&#8217;\u00e9coute"}]},{"@type":"WebSite","@id":"https:\/\/paradigm21.ch\/fr\/#website","url":"https:\/\/paradigm21.ch\/fr\/","name":"Paradigm21","description":"","potentialAction":[{"@type":"SearchAction","target":{"@type":"EntryPoint","urlTemplate":"https:\/\/paradigm21.ch\/fr\/?s={search_term_string}"},"query-input":{"@type":"PropertyValueSpecification","valueRequired":true,"valueName":"search_term_string"}}],"inLanguage":"fr-FR"},{"@type":"Person","@id":"https:\/\/paradigm21.ch\/fr\/#\/schema\/person\/89206054d0d49b6a6cb1cbb031519c32","name":"Paradigm21","image":{"@type":"ImageObject","inLanguage":"fr-FR","@id":"https:\/\/paradigm21.ch\/fr\/#\/schema\/person\/image\/","url":"https:\/\/paradigm21.ch\/wp-content\/uploads\/2024\/09\/Favicon.png","contentUrl":"https:\/\/paradigm21.ch\/wp-content\/uploads\/2024\/09\/Favicon.png","caption":"Paradigm21"},"sameAs":["https:\/\/x.com\/webmaster"],"url":"https:\/\/paradigm21.ch\/fr\/team\/paradigm21\/"}]}},"_links":{"self":[{"href":"https:\/\/paradigm21.ch\/fr\/wp-json\/wp\/v2\/posts\/4927","targetHints":{"allow":["GET"]}}],"collection":[{"href":"https:\/\/paradigm21.ch\/fr\/wp-json\/wp\/v2\/posts"}],"about":[{"href":"https:\/\/paradigm21.ch\/fr\/wp-json\/wp\/v2\/types\/post"}],"author":[{"embeddable":true,"href":"https:\/\/paradigm21.ch\/fr\/wp-json\/wp\/v2\/users\/8"}],"replies":[{"embeddable":true,"href":"https:\/\/paradigm21.ch\/fr\/wp-json\/wp\/v2\/comments?post=4927"}],"version-history":[{"count":2,"href":"https:\/\/paradigm21.ch\/fr\/wp-json\/wp\/v2\/posts\/4927\/revisions"}],"predecessor-version":[{"id":6315,"href":"https:\/\/paradigm21.ch\/fr\/wp-json\/wp\/v2\/posts\/4927\/revisions\/6315"}],"wp:featuredmedia":[{"embeddable":true,"href":"https:\/\/paradigm21.ch\/fr\/wp-json\/wp\/v2\/media\/6432"}],"wp:attachment":[{"href":"https:\/\/paradigm21.ch\/fr\/wp-json\/wp\/v2\/media?parent=4927"}],"wp:term":[{"taxonomy":"category","embeddable":true,"href":"https:\/\/paradigm21.ch\/fr\/wp-json\/wp\/v2\/categories?post=4927"},{"taxonomy":"post_tag","embeddable":true,"href":"https:\/\/paradigm21.ch\/fr\/wp-json\/wp\/v2\/tags?post=4927"}],"curies":[{"name":"wp","href":"https:\/\/api.w.org\/{rel}","templated":true}]}}