{"id":6068,"date":"2022-11-01T01:27:38","date_gmt":"2022-11-01T00:27:38","guid":{"rendered":"https:\/\/paradigm21.ch\/articles\/cynefin-et-les-modeles-dorganisation-de-la-spirale-dynamique-2-2\/"},"modified":"2025-02-12T17:05:35","modified_gmt":"2025-02-12T16:05:35","slug":"cynefin-and-the-organizational-models-of-spiral-dynamics-2-2","status":"publish","type":"post","link":"https:\/\/paradigm21.ch\/en\/resources\/articles\/cynefin-and-the-organizational-models-of-spiral-dynamics-2-2\/","title":{"rendered":"Cynefin and the organizational models of Spiral Dynamics (2\/2)"},"content":{"rendered":"<p><strong>This series of two articles explores the fit between the organizational models attributed to the value systems of Spiral Dynamic and each of the five organizational contexts identified by the Cynefin model.<\/strong><\/p><p>The first article entitled <a href=\"https:\/\/paradigm21.ch\/en\/resources\/articles\/vuca-and-the-organizational-contexts-of-the-cynefin-model-1-2\/\" target=\"_blank\" rel=\"noreferrer noopener\"><strong>VICA and the organizational contexts of the Cynefin model<\/strong><\/a> made the connection between the increasing complexity of organizational contexts, the need for evolution according to Spiral Dynamic and the different contexts proposed by the Cynefin model. In the second article <a href=\"https:\/\/paradigm21.ch\/en\/resources\/articles\/cynefin-and-the-organizational-models-of-spiral-dynamics-2-2\/\"><strong>Cynefin and the organizational models of Spiral Dynamic<\/strong><\/a>, we explore the detail of the different organizational models that correspond to <em>the value systems<\/em> of Spiral Dynamic and look at which ones are compatible with each context of the Cynefin model. We also connect the Cynefin model with the second tier value systems of Spiral Dynamic.  <\/p><p><em>This article is intended for an audience that has a basic knowledge of Spiral Dynamics and an understanding that the value systems (purple, red, blue, orange, green and yellow) each correspond to a type of organizational structure.<\/em><\/p><h2 class=\"wp-block-heading\" id=\"h-les-modeles-d-organisation-selon-les-systemes-de-valeurs-de-la-spirale-dynamique\">Organizational models based on Spiral Dynamics value systems<\/h2><p>We have already referred to <a href=\"https:\/\/paradigm21.ch\/fr\/ressources\/articles\/niveaux-existence-spirale-dynamique\/\" target=\"_blank\" rel=\"noreferrer noopener\">the value systems (or levels of existence)<\/a> of Spiral Dynamics. We use this approach here to overlay the different types of organizational models that are attached to different value systems of Spiral Dynamics with the organizational contexts of the Cynefin model. <\/p><div class=\"wp-block-image\"><figure class=\"aligncenter size-large\"><img decoding=\"async\" src=\"https:\/\/paradigm21.ch\/wp-content\/uploads\/2025\/01\/Cynefin-SD-4-EN-1024x634-1.png\" alt=\"Cynefin and Spiral Dynamics\" class=\"wp-image-6755\"\/><\/figure><\/div><ul class=\"wp-block-list\"><li><strong>Obvious + Centralized<\/strong>: while we identified three types of structures and value systems that can function in an &#8220;obvious&#8221; organizational context, we have chosen to highlight the value system(s) that is most appropriate and most commonly observable for each context. Let\u2019s start with this one: <ul><li><strong>The informal structure<\/strong> with a patriarchal type of leadership: the absence of complicated and complex elements in the environment makes this type of organization very functional. Indeed, the person(s) managing these structures often have the experience and skills to make all decisions centrally. A cultural trait of this structure is that the leaders are trusted because they carry on certain traditions of how things are done in a given field. In this context, decisions are perceived as fair and are respected by the employees. This type of structure corresponds to the purple value system.    <\/li><\/ul>We want to mention two other value systems that function in this context, even though they don\u2019t seem like a natural and perfect fit:<ul class=\"wp-block-list\"><li><strong>The autocratic structure<\/strong> with a strong leader that has all the answers and is followed by people. Similarly to the informal structure, because of the future is predictable, a strong leader with the sufficient intelligence and\/or experience can produce achievements that give him\u00b7her an almost guru status that people can trust and follow. This type of structure corresponds to the red value system.  <\/li>\n\n<li><strong>The centralized and hierarchical structure<\/strong>: the environment and external elements are predictable; it is therefore relatively easy for a person to exert the power given by the hierarchy and produce reliable results using the controlled structure of a bureaucracy. What makes this structure particularly fit to an obvious context is that the culture that would develop is that there is a right way and a wrong way of doing things. It would be expected that everybody gets in line and follow the rule of the \u201cright way\u201d, which is the way it is done here and there is no room for debating whether that is appropriate, effective, or efficient. This type of structure typically refers to the blue value system and its formal structure.    <\/li><\/ul><\/li><\/ul><style>\n  @media only screen and (min-width: 800px) {\n    .full-width-section, .button-section {\n      padding: 30px;\n    }\n    .two-columns-section {\n      display: flex;\n      flex-wrap: nowrap;\n    }\n    .column {\n      flex: 1;\n      min-width: 40%;\n      padding: 0px 30px 30px 40px;\n    }\n    .image-column {\n      max-width: 50%;\n      padding: 80px 40px 0 0;\n    }\n\t.left-list li {\n\t  margin-bottom: 12px !important;\n    }\n\t.button-section {\n      padding: 0px 30px;\n    }\n  }\n  @media only screen and (max-width: 800px) {\n\t.full-width-section {\n      padding: 20px;\n    }\n\t.subtitle {\n      font-size: 15px;\n      line-height: 20px;\n      padding: 0px 20px;\n      display: block;\n    }\n\tul.left-list {\n   \t  padding-left: 20px !important;\n    }\n\t.left-list li {\n\t  margin-bottom: 0px !important;\n    }\n    .two-columns-section {\n      flex-direction: column;\n    }\n    .column, .image-column {\n      width: 100%;\n      padding: 20px;\n    }\n    .button-section {\n      padding-bottom: 20px;\n    }\n  }\n  ul.left-list {\n    margin: 0px !important;\n  }\n  .custom-container {\n    display: flex;\n    flex-direction: column;\n    border: 4px solid #ccc;\n    max-width: 1200px;\n    margin: 0 auto;\n    margin-bottom: 30px;\n    margin-top: 30px;\n  }\n<\/style>\n\n<section class=\"custom-container\">\n  <!-- Title and Text Section (Full Width) -->\n  <div class=\"full-width-section\">\n    <h2 style=\"text-align: center;\"><strong>Ma\u00eetrisez la Spirale Dynamique avec notre formation certifiante<\/strong><\/h2>\n    <span class=\"subtitle\"><strong>Lib\u00e9rez le potentiel de la Spirale Dynamique pour comprendre la motivation humaine, accompagner le changement et renforcer votre leadership \u00e0 tous les niveaux. Cette certification approfondie en ligne, anim\u00e9e par Marc Mathys de Paradigm21, propose une approche structur\u00e9e, pratique et interactive pour ma\u00eetriser ce mod\u00e8le transformationnel. <\/strong><\/span>\n<\/div>\n\n<!-- Two Columns Section -->\n<div class=\"two-columns-section\">\n    <!-- Bullet Points Column -->\n    <div class=\"column\">\n       <ul class=\"left-list\">\n         <li><strong>Formation compl\u00e8te :<\/strong> Explorez le mod\u00e8le original de Graves, enrichi par le Dr Don Beck, avec des perspectives issues de la Th\u00e9orie Int\u00e9grale.<\/li>\n         <li><strong>Applications concr\u00e8tes : <\/strong> Mettez en pratique la Spirale Dynamique dans le leadership, le coaching, le d\u00e9veloppement personnel et organisationnel.<\/li>\n         <li><strong>Apprentissage interactif :<\/strong> Participez \u00e0 des sessions en ligne anim\u00e9es par des experts, engagez-vous dans des discussions de groupe et r\u00e9alisez des exercices pratiques.<\/li>\n         <li><strong>Format en ligne flexible : <\/strong> Assistez aux sessions en direct ou visionnez les enregistrements de haute qualit\u00e9 \u00e0 votre rythme.<\/li>\n         <li><strong>Certification reconnue \u00e0 l\u2019international :<\/strong> Obtenez un certificat officiel de Niveau 1 d\u00e9livr\u00e9 par la <strong>Don Beck Spiral Dynamics Integral Foundation<\/strong>.<\/li>\n        <\/ul>\n    <\/div>\n    <!-- Image Column -->\n    <div class=\"image-column\">\n\t<img fetchpriority=\"high\" fetchpriority=\"high\" decoding=\"async\" width=\"1024\" height=\"576\" src=\"https:\/\/paradigm21.ch\/wp-content\/uploads\/2025\/02\/Session-1-20.02.2024-1024x576-1.jpg\" alt=\"\" class=\"wp-image-7368\" srcset=\"https:\/\/paradigm21.ch\/wp-content\/uploads\/2025\/02\/Session-1-20.02.2024-1024x576-1.jpg 1024w, https:\/\/paradigm21.ch\/wp-content\/uploads\/2025\/02\/Session-1-20.02.2024-1024x576-1-300x169.jpg 300w, https:\/\/paradigm21.ch\/wp-content\/uploads\/2025\/02\/Session-1-20.02.2024-1024x576-1-768x432.jpg 768w, https:\/\/paradigm21.ch\/wp-content\/uploads\/2025\/02\/Session-1-20.02.2024-1024x576-1-180x100.jpg 180w, https:\/\/paradigm21.ch\/wp-content\/uploads\/2025\/02\/Session-1-20.02.2024-1024x576-1-624x351.jpg 624w, https:\/\/paradigm21.ch\/wp-content\/uploads\/2025\/02\/Session-1-20.02.2024-1024x576-1-50x28.jpg 50w, https:\/\/paradigm21.ch\/wp-content\/uploads\/2025\/02\/Session-1-20.02.2024-1024x576-1-100x56.jpg 100w, https:\/\/paradigm21.ch\/wp-content\/uploads\/2025\/02\/Session-1-20.02.2024-1024x576-1-600x338.jpg 600w\" sizes=\"(max-width: 1024px) 100vw, 1024px\">\n    <\/div>\n  <\/div>\n  <!-- Button Section (Full Width) -->\n\t\n  <div class=\"button-section text-center\">\n\t<p><strong>Rejoignez notre prochaine cohorte et d\u00e9veloppez votre compr\u00e9hension des dynamiques humaines.<\/strong><\/p>\n    <p><a class=\"button blue\" target=\"_blank\" href=\"https:\/\/paradigm21.ch\/fr\/produits\/cours\/spirale-dynamique-niveau-1\/?utm_source=paradigm21.ch&amp;utm_medium=blog&amp;utm_campaign=sd-blog\">S'inscrire maintenant<\/a><\/p>\n  <\/div>\n<\/section>\n<ul class=\"wp-block-list\"><li><strong>Complicated + Decentralized<\/strong> \u2013 let\u2019s start with the two types of structures and value systems are most compatible with in a &#8220;complicated&#8221; organizational context:<ul class=\"wp-block-list\"><li><strong>Bureaucratic structures<\/strong>, which corresponds to the blue value system, were the first to create decentralized structures to adapt to a more complicated context where a centralized structure would no longer be able to manage a growing organization. The first really large organizations (before globalization started in the 1980\u2019s) were either religious organizations, government organizations, NGO\u2019s or large industrial (usually national) companies. All of them were typically structured in pyramidal model, which in its essence is a way of scaling what had worked so far (a centralized structure in the obvious context) and interconnect them vertically with a top-down delegation of power. This type of organizations can work fine if there is no need for innovation and there isn\u2019t much competition, which is typically the case for religious organizations, government, and NGO and most of them still operate with this organizational structure.   <\/li>\n\n<li>Bureaucratic structures fail in the complicated context when in a competitive environment and there is a need for innovation combined with growing profits by constantly optimizing processes in order to gain efficiency. In this context, <strong>result oriented organizations<\/strong> do much better, which corresponds to the orange value system. While remaining hierarchical they are more flexible and typically structure themselves either in the shape of a matrix or by creating a more agile parallel organization constituted of project teams. Most profit-oriented organizations today function in this value system and are constantly pushing the boundaries of competition and constant performance and financial results optimization. The entire world of management as we know it today derives from this world view, which is a mechanistic approach of the company where humans are a basically a resource. This is the weakest part of those organizations and the growing psychosocial issues like burnouts and boreouts are the visible symptom of systems in which humans are under constant pressure to produce more. Of course, most of these organizations are aware of this and see value in focusing more on people, values, and culture \u2013 but rarely are they willing to put those before strategy and profitability. They start integrating elements from the green value system into a primarily orange environment.       <\/li><\/ul><\/li><\/ul><p>Now let\u2019s look at another type of organizational context that is appearing more and more in this context:<\/p><ul class=\"wp-block-list\"><li><ul class=\"wp-block-list\"><li>There are the \u201c<strong>Green skinned orange<\/strong>\u201d organizations that are typically green on the outside and orange inside. Notable examples are Ben&amp;Jerry, Southwest Airlines, and Virgin. They do put values, culture and people before profit and are fairly vocal about it. This is one of the components of a green organization, but they don\u2019t have an egalitarian structure where decisions are made by consensus. Instead, they typically function in a hierarchy and managers focus more on enabling people rather than exercising their authority. They typically practice \u201cparticipative management\u201d where decisions are taken by the manager after an advice process with the team. While the culture is more family oriented where everybody has a role, that typically still requires a charismatic leader who incarnates the organizations\u2019 values and has a patriarchal style: leading the way, crafting the value-based narrative, being the company\u2019s public figure and granting access to the new members joining the family. While the culture of these organizations are shifting and a great source of inspiration for a typical orange organization, their structure usually remain a classic pyramid. In that way, they are not contributing to solving the complicated context better than the other two value systems, but they certainly alleviate some of their undesirable effects (notably dehumanization of employees).        <\/li><\/ul><\/li>\n\n<li><strong>Complex + Distributed<\/strong>: let\u2019s look at the attempts to evolve in this direction through the lens of the various value systems that are at play. Let&#8217;s start with two value systems that try to work in this context although with many limitations: <ul class=\"wp-block-list\"><li>In the orange value system, the desire to distribute authority and to call on collective intelligence is achieved either through a matrix organization that allows people to be grouped together in different cross-functional teams in order to exchange best practices within the teams. The other structure that is observed is the multiplication of project teams that often operate in a very informal structure and completely separate from the classic hierarchical organization. Complexity requires a form of action in order to be probing the system and be in the \u201cinvestigation\u201d phase and then to be able to feel what the system&#8217;s response will be. This is rationalized by a culture of innovation in which \u201ctrial and error\u201d is celebrated, by pivoting to new strategies (lean startup) or the famous &#8220;learning by doing&#8221;. The pitfall in using this approach is that there is usually a lack of understanding of what \u201csensing\u201d is because \u201canalysis\u201d is the default mode of perceiving what the response of a complicated system is (which is the context in which the orange value system excels). The competitive mindset, the calculated behavior, the winner culture and matrix or project-based organizational structure of the orange value system systematically show their limits in a complex context and are not particularly appropriate. However, it should be noted that this value system remains dominant, especially in for-profit organizations.      <\/li>\n\n<li>In the green value system, the organization may well include a hierarchical component, or even include elements of a decentralized structure, but what characterizes it is that the principle of subsidiarity is more important than that of subordination. By its design and by its natural capacity to sense, the green value system looks like it would be appropriate in a complex context. We already distinguished two different aspects that lead an organization to experience the complex context. One is given by its external environment, and we have described this at length with how VUCA contributes to that. The other is when an organization wishes to move away from a mechanistic vision of its functioning and chooses to put the human being at the center of its concerns (and stop considering humans as a \u201cresource\u201d). This is typical when people in the organization operate from a green value system and make their organization evolve in a way to be more compatible with the individuals. In this type of complexity, a pure green value system driven organization will be adequate and satisfy the context of complexity induced by prioritizing the people in the organization over strategy and results. The pitfall of the green value system in a complex environment is to require consensus from all before being capable to act. And when it comes to sensing the response, again everyone involved would have to agree on how to interpret the response and on what the best course of action is. While functional, this is likely to slow down the learning curve and capacity to produce results. If the context is evolving very fast, this pitfall could provoke the downfall of a structure that is too slow to respond (even if the action that ends up being decided upon was correct, it comes too late to produce the expected result).            <\/li><\/ul><\/li><\/ul><p>Now let\u2019s look at the value system that deals most effectively with this context:<\/p><ul class=\"wp-block-list\"><li><ul class=\"wp-block-list\"><li>In the yellow value system, the organization distributes leadership and authority and is structured in a completely distributed manner. The organization is self-learning in nature, people and teams are autonomous and self-managed. This type of distributed organization is a characteristic of the yellow value system and is particularly adapted to face the context of complexity. Another characteristic of this value system is its ability to act without being driven from fear. The pitfall of the yellow value system is to add complexity to the situation or communication in such a way that it makes the situation confusing or incomprehensible by others. Whereas the expected ability would be to succeed in simplifying the situation and communication.     <\/li><\/ul><\/li>\n\n<li><strong>Chaotic<\/strong>: modern organizations rarely find themselves in a state of prolonged chaos unless they are struggling for survival. When this is the case, we would assume that actions oriented towards short-term results and avoiding bankruptcy are driven from the beige value system. While that may be the case in the underlying value system driving these actions, we do not recognize as an \u201corganizational context\u201d as beige operates from the limbic system and is pre-language and conceptual thinking. Let\u2019s look at the main value systems that deals effectively with this context:   <ul class=\"wp-block-list\"><li>Let\u2019s consider a context of chaos when an organization is going through a crisis or emergency for instance. It is interesting to make the connection between crisis and emergency situations. In the field of emergency care interventions, it has been proven that a directive leadership of the person in charge is what produces the best results. It is of course possible to challenge these decisions afterwards during debriefing, but in action there is no room for debate or difference of opinion. The same thing has been observed in crisis situations. The autocratic mode of operation (which is the characteristic of the red value system) is the one that works best. In the historical context, it is a value system that we tend to reject, because we associate it with power, force, and even dictatorship. One of the main lessons of the Cynefin model is that it is useful to reconcile with this mode of functioning because it is often the last resort of an organization that is going through a chaotic phase. It can even be interesting for a distributed organization to foresee in its governance that the transition to an autocratic mode of functioning is not just tolerated, but desired, in case the organization goes through a chaotic phase.        <\/li><\/ul><\/li><\/ul><p>There is another value system that should be mentioned for this context:<\/p><ul class=\"wp-block-list\"><li><ul class=\"wp-block-list\"><li>Considering that the yellow value system is the Tier 2 equivalent of the Tier 1 beige survival value system, it can be argued that in large scale survival challenge such as an organization in chaos or humanity as a whole in chaos, the yellow value system\u2019s solutions would be critical for survival. Yellow tends to act from a place of sensing and trust (non-fear) \u2013 which you could argue would be needed to respond to large scale chaos \u2013 rather than limbic (beige), power (red) or logic and analysis (orange), all of which would certainly be at play if chaos were to reach a larger scale. However, we don\u2019t imply that yellow would not be needed to address the life conditions of a chaotic context. Yellow tends to act from a place of sensing and trust (non-fear) &#8211; which you could argue would be needed to respond to large scale chaos &#8211; rather than limbic (beige), power (red) or logic and analysis (orange), all of which would certainly be at play if chaos were to reach a larger scale. However, we don\u2019t imply that yellow would not be needed to address the life conditions of a chaotic context.  <\/li><\/ul><\/li><\/ul><h3 class=\"wp-block-heading\" id=\"h-le-desordre\">Disorder<\/h3><p>Disorder is not an organizational context per se. Rather, it is the situation in which an organization finds itself when it uses the various strategies, practices, and organizational models to which it is accustomed rather than those appropriate to the context in which it finds itself. This creates tension and dissonance in both the functioning of the organization and how people experience it.  <\/p><p>Spiral Dynamics offers a model for how \u201cchange\u201d occurs, and the disorder context certainly has a role to play in it. According to Spiral Dynamics, change only occurs when the life conditions evolve, and the prevalent cognitive capacities and actions generate more and more tension with those new life conditions. The context of disorder could indicate that a change is about to happen. There are two types of changes:   <\/p><ul class=\"wp-block-list\"><li>1st order change which does not necessarily result in a change of value system, but most likely in an evolution of practices withing the same value system that temporarily resolves the tensions.<\/li>\n\n<li>2nd order change which typically leads to a value system change because the situation can\u2019t be solved from the current values system and a transformation to the next value system is needed.<\/li><\/ul><p>Depending on how an individual or an organization is integrated in its value systems, they would respond to each context from their dominant value system and in either a healthy or unhealthy way.<\/p><p>The context of disorder, experienced from a healthy integration, could lead to a 2nd order value system change. Or if experienced from an unhealthy integration, it could move the individual to act from its stress profile in an unhealthy way. <\/p><p>In the VICA context, it is not uncommon for an organization to be labeled as &#8220;problematic,&#8221; &#8220;dysfunctional,&#8221; or even &#8220;toxic. This is clearly a symptom of the context of disorder and means that they are deploying strategies and employing models that do not fit the context in which they find themselves. The question is to know what evolution is possible from this observation and if a 2nd order change is possible or not.  <\/p><h3 class=\"wp-block-heading\" id=\"h-dans-quel-contexte-le-modele-organisationnel-vert-peut-il-briller\">Where does the green organizational model shine?<\/h3><figure class=\"wp-block-image size-large\"><img decoding=\"async\" src=\"https:\/\/paradigm21.ch\/wp-content\/uploads\/2025\/01\/Cynefin-SD-5-EN-1024x643-1.png\" alt=\"\" class=\"wp-image-6758\"\/><\/figure><p>The previous illustration illustrates which value systems are most appropriate to deal with each of the contexts: purple in the simple context, blue and orange in the complicated context, yellow in the complex context and red in the chaotic context. Interestingly, green isn\u2019t coming out as a great match for neither the complicated nor the complex contexts. Did we miss something? What context would green be most effective in?   <\/p><p>For sure the green organizational model has more affinity with the upper part of the model where the organization is either decentralized or distributed. We pointed to the limitations that green has when dealing with a complex context, mainly its difficulty to act without reaching a consensus first. And maybe we haven\u2019t highlighted enough how fundamental some of the green elements are when dealing with a complex context, such as the capacity to sense and to put the human beings at the center of the organization. But given its limitations, a yellow organizational model will thrive in a complex context while using those elements taken from green as a foundation to build upon.   <\/p><p>Can a green organizational model shine in a complicated environment? In theory YES, but we live in a world where the orange value system is so dominant in almost all complicated contexts that it\u2019s difficult to find real life example of purely green culture or organizational structures in a complicated context, hence the metaphor of the green oranges that we used to illustrate the role green is currently playing in larger corporations. And there are of course exceptions to this. First there are some non-profit organizations that operate from a green value system. And in the economy, we see some purely \u201cfor purpose\u201d organizations such as Buurtzorg and Patagonia. But with these types of organizations, it&#8217;s not easy to distinguish how much of their culture or structure is driven from the green or from the yellow value systems.     <\/p><p>A large part of the economy operates in the complicated context based on blue-orange structures. Our global \u201clife conditions\u201d are evolving rather rapidly to the context of complexity where yellow would strive most, it might be fair to highlight that this evolution can\u2019t happen without first fully embracing the green value system. It is important to emphasize that this evolution cannot occur without a total adherence to the green value system. From this perspective, the green value system has a major role to play in paving a bridge between the two contexts on the top of the Cynefin model and showing a pathway for an evolution   <\/p><h2 class=\"wp-block-heading\" id=\"h-le-modele-cynefin-et-les-systemes-de-valeur-du-2eme-cycle\">The Cynefin model and the 2nd tier value systems<\/h2><p>The nature of the Cynefin model is a perfect illustration of the yellow value system of Spiral Dynamics. The model proposes to look at every context and find what works best in this environment rather than applying a one-size-fits-all approach to the way cause-and-effect works, practices get determined, problems get solved or organizations get structured. <\/p><p>This is exactly the capacity that the yellow value system brings forth, being the first value system of the 2nd tier. The characteristic of 2nd tier is to have integrated, accepted and be capable to operate in each and every one of the value systems of the 1st tier (beige, purple, red, blue, orange and green). <\/p><p>Another characteristic of the yellow value system is to be able to integrate complexity and to have a systemic approach. The left side of the Cynefin model represents unpredictable contexts, applying 2nd tier mindset to those produces some interesting shifts: <\/p><ul class=\"wp-block-list\"><li><strong>The Complex context<\/strong> is the one that has a natural match with yellow. Having an understanding for what complexity is, that it\u2019s just another context that needs different ways of thinking and solving problems is a refreshing approach compared to the prevalent attempts to apply mindsets and tools from the complicated context in complex situations. <\/li>\n\n<li><strong>The Chaos context<\/strong> seems to call for the red value system to sort out the crisis situation. However, if we are looking at chaos as a situational context (the view from yellow and 2nd tier), it\u2019s a very different angle than looking at same situation when red is the dominant mindset at hand. With the yellow value system being a second-tier system, it incorporates and transcends the first-tier systems, hence people operating from the yellow value system would be able to draw on typical red value system actions when needed (but motivated from the yellow value system in chaos situations). They would not take decisive and autocratic actions for their own power gain, rather aiming at the perspective of stabilizing the whole system. From that angle, chaos and crisis, are simply unpredictable phenomenon that tend to emerge in a complex and unpredictable context. The model recognizes this as a separate context because different methods than those used in the context of complexity are required, for example \u201cdo what is needed to get the desired result and re-establish a functioning environment\u201d.     <\/li><\/ul><h2 class=\"wp-block-heading\" id=\"h-mise-en-garde-sur-la-combinaison-des-deux-modeles\">Caveat about combining the two models<\/h2><p>This entire analysis was made with the sole purpose to look at which organizational structure is more appropriate in the different contexts of the Cynefin model. If we were to look at combining the two models in a broader way than the contexts of organizations, we could take a completely different angle to explore a possible combination of the models. For example, individuals operating in different Spiral Dynamics value systems could be experiencing life conditions in which all five contexts could be present in each value system.  <\/p><p>There is no reason why a person operating from a healthy red value system would not be able to function in the chaotic context or complex context. For example, firefighters rescuing people from the burning building can be operating from the red value system, saving lives even if they do it to be seen as the heroes saving the day. <\/p><p>Another example is that of an individual driven by the red values system who want to profit from the refugees. They could contribute in a meaningful way to provide safety to those refugees, even if it is through charging a fee to an organization (operating from the green values system) and renting them a place from where to operate their shelters. It might be judged harshly, but it is positively contributing to solving a complex or chaotic problem.  <\/p><style>\n  @media only screen and (min-width: 800px) {\n    .full-width-section, .button-section {\n      padding: 30px;\n    }\n    .two-columns-section {\n      display: flex;\n      flex-wrap: nowrap;\n    }\n    .column {\n      flex: 1;\n      min-width: 40%;\n      padding: 0px 30px 30px 40px;\n    }\n    .image-column {\n      max-width: 50%;\n      padding: 80px 40px 0 0;\n    }\n\t.left-list li {\n\t  margin-bottom: 12px !important;\n    }\n\t.button-section {\n      padding: 0px 30px;\n    }\n  }\n  @media only screen and (max-width: 800px) {\n\t.full-width-section {\n      padding: 20px;\n    }\n\t.subtitle {\n      font-size: 15px;\n      line-height: 20px;\n      padding: 0px 20px;\n      display: block;\n    }\n\tul.left-list {\n   \t  padding-left: 20px !important;\n    }\n\t.left-list li {\n\t  margin-bottom: 0px !important;\n    }\n    .two-columns-section {\n      flex-direction: column;\n    }\n    .column, .image-column {\n      width: 100%;\n      padding: 20px;\n    }\n    .button-section {\n      padding-bottom: 20px;\n    }\n  }\n  ul.left-list {\n    margin: 0px !important;\n  }\n  .custom-container {\n    display: flex;\n    flex-direction: column;\n    border: 4px solid #ccc;\n    max-width: 1200px;\n    margin: 0 auto;\n    margin-bottom: 30px;\n    margin-top: 30px;\n  }\n<\/style>\n\n<section class=\"custom-container\">\n  <!-- Title and Text Section (Full Width) -->\n  <div class=\"full-width-section\">\n    <h2 style=\"text-align: center;\"><strong>Ma\u00eetrisez la Spirale Dynamique avec notre formation certifiante<\/strong><\/h2>\n    <span class=\"subtitle\"><strong>Lib\u00e9rez le potentiel de la Spirale Dynamique pour comprendre la motivation humaine, accompagner le changement et renforcer votre leadership \u00e0 tous les niveaux. Cette certification approfondie en ligne, anim\u00e9e par Marc Mathys de Paradigm21, propose une approche structur\u00e9e, pratique et interactive pour ma\u00eetriser ce mod\u00e8le transformationnel. <\/strong><\/span>\n<\/div>\n\n<!-- Two Columns Section -->\n<div class=\"two-columns-section\">\n    <!-- Bullet Points Column -->\n    <div class=\"column\">\n       <ul class=\"left-list\">\n         <li><strong>Formation compl\u00e8te :<\/strong> Explorez le mod\u00e8le original de Graves, enrichi par le Dr Don Beck, avec des perspectives issues de la Th\u00e9orie Int\u00e9grale.<\/li>\n         <li><strong>Applications concr\u00e8tes : <\/strong> Mettez en pratique la Spirale Dynamique dans le leadership, le coaching, le d\u00e9veloppement personnel et organisationnel.<\/li>\n         <li><strong>Apprentissage interactif :<\/strong> Participez \u00e0 des sessions en ligne anim\u00e9es par des experts, engagez-vous dans des discussions de groupe et r\u00e9alisez des exercices pratiques.<\/li>\n         <li><strong>Format en ligne flexible : <\/strong> Assistez aux sessions en direct ou visionnez les enregistrements de haute qualit\u00e9 \u00e0 votre rythme.<\/li>\n         <li><strong>Certification reconnue \u00e0 l\u2019international :<\/strong> Obtenez un certificat officiel de Niveau 1 d\u00e9livr\u00e9 par la <strong>Don Beck Spiral Dynamics Integral Foundation<\/strong>.<\/li>\n        <\/ul>\n    <\/div>\n    <!-- Image Column -->\n    <div class=\"image-column\">\n\t<img fetchpriority=\"high\" fetchpriority=\"high\" decoding=\"async\" width=\"1024\" height=\"576\" src=\"https:\/\/paradigm21.ch\/wp-content\/uploads\/2025\/02\/Session-1-20.02.2024-1024x576-1.jpg\" alt=\"\" class=\"wp-image-7368\" srcset=\"https:\/\/paradigm21.ch\/wp-content\/uploads\/2025\/02\/Session-1-20.02.2024-1024x576-1.jpg 1024w, https:\/\/paradigm21.ch\/wp-content\/uploads\/2025\/02\/Session-1-20.02.2024-1024x576-1-300x169.jpg 300w, https:\/\/paradigm21.ch\/wp-content\/uploads\/2025\/02\/Session-1-20.02.2024-1024x576-1-768x432.jpg 768w, https:\/\/paradigm21.ch\/wp-content\/uploads\/2025\/02\/Session-1-20.02.2024-1024x576-1-180x100.jpg 180w, https:\/\/paradigm21.ch\/wp-content\/uploads\/2025\/02\/Session-1-20.02.2024-1024x576-1-624x351.jpg 624w, https:\/\/paradigm21.ch\/wp-content\/uploads\/2025\/02\/Session-1-20.02.2024-1024x576-1-50x28.jpg 50w, https:\/\/paradigm21.ch\/wp-content\/uploads\/2025\/02\/Session-1-20.02.2024-1024x576-1-100x56.jpg 100w, https:\/\/paradigm21.ch\/wp-content\/uploads\/2025\/02\/Session-1-20.02.2024-1024x576-1-600x338.jpg 600w\" sizes=\"(max-width: 1024px) 100vw, 1024px\">\n    <\/div>\n  <\/div>\n  <!-- Button Section (Full Width) -->\n\t\n  <div class=\"button-section text-center\">\n\t<p><strong>Rejoignez notre prochaine cohorte et d\u00e9veloppez votre compr\u00e9hension des dynamiques humaines.<\/strong><\/p>\n    <p><a class=\"button blue\" target=\"_blank\" href=\"https:\/\/paradigm21.ch\/fr\/produits\/cours\/spirale-dynamique-niveau-1\/?utm_source=paradigm21.ch&amp;utm_medium=blog&amp;utm_campaign=sd-blog\">S'inscrire maintenant<\/a><\/p>\n  <\/div>\n<\/section>\n<h3 class=\"wp-block-heading\" id=\"h-en-video-conference-valuematch\"><strong>In video (ValueMatch conference)<\/strong><\/h3><p>Here is a recording of a conference presenting this material in November 2022.<\/p><figure class=\"wp-block-embed is-type-rich is-provider-embed-handler wp-block-embed-embed-handler wp-embed-aspect-16-9 wp-has-aspect-ratio\"><div class=\"wp-block-embed__wrapper\">\n<iframe title=\"Cynefin and Spiral Dynamics by Marc Mathys\" width=\"640\" height=\"360\" src=\"https:\/\/www.youtube.com\/embed\/dCH9xQW-MLc?feature=oembed\" frameborder=\"0\" allow=\"accelerometer; autoplay; clipboard-write; encrypted-media; gyroscope; picture-in-picture; web-share\" referrerpolicy=\"strict-origin-when-cross-origin\" allowfullscreen><\/iframe>\n<\/div><\/figure><h3 class=\"wp-block-heading\" id=\"h-ressources-et-lectures-conseillees\"><strong>Resources and suggested reading<\/strong><\/h3><ul class=\"wp-block-list\"><li><a href=\"https:\/\/hbr.org\/2007\/11\/a-leaders-framework-for-decision-making\" target=\"_blank\" rel=\"noreferrer noopener\"><strong>The Cynefin Framework<\/strong><\/a> by Snowden, D. and Boon, M. \u201cA Leader\u2019s Framework for Decision Making\u201d, Harvard Business Review, November 2007<\/li>\n\n<li><strong><a href=\"https:\/\/www.rebelsatwork.com\/blog\/2022\/1\/6\/complicated-or-complex\" target=\"_blank\" rel=\"noreferrer noopener\">Complicated or Complex?<\/a><\/strong> by Carmen Medina, January 2022<\/li>\n\n<li><strong><a href=\"https:\/\/www.scrum.org\/resources\/blog\/understanding-complexity\" target=\"_blank\" rel=\"noreferrer noopener\">Understanding Complexity<\/a><\/strong> by Erwin van der Koogh, July 2019<\/li>\n\n<li><a href=\"https:\/\/www.amazon.com\/Spiral-Dynamics-Integral\/dp\/B000Q7ZFF2\" target=\"_blank\" rel=\"noreferrer noopener\"><strong>Spiral Dynamics Integral<\/strong><\/a> (audiobook) written and read by Dr. Don Beck <\/li>\n\n<li><a href=\"https:\/\/www.amazon.com\/Spiral-Dynamics-Action-Humanitys-Master\/dp\/1119387183\/\" target=\"_blank\" rel=\"noreferrer noopener\"><strong>Spiral Dynamics in Action: Humanity&#8217;s Master Code<\/strong><\/a> by Dr. Don Beck, Teddy Hebo Larsen, Sergey Solonin, Dr. Rica Viljoen, Thomas Q. Johns  <\/li>\n\n<li><a href=\"https:\/\/www.amazon.fr\/spirale-dynamique-Comprendre-sorganisent-pourquoi\/dp\/2729619283\/\" target=\"_blank\" rel=\"noreferrer noopener\"><strong>La spirale dynamique &#8211; Comprendre comment les hommes s&#8217;organisent et pourquoi ils changent<\/strong><\/a> by Fabien Chabreuil and Patricia Chabreuil<\/li>\n\n<li><a href=\"https:\/\/valuematch.net\/en\/en-spiral-dynamics\" target=\"_blank\" rel=\"noreferrer noopener\"><strong>ValueMatch<\/strong><\/a> offers a free Spiral Dynamics knowledge test, as well as a values report and a personal change report (for a fee)<\/li><\/ul>","protected":false},"excerpt":{"rendered":"<p>This series of two articles explores the fit between the organizational models attributed to the value systems of Spiral Dynamic and each of the five&hellip;<\/p>\n","protected":false},"author":10,"featured_media":6301,"comment_status":"open","ping_status":"open","sticky":false,"template":"","format":"standard","meta":{"footnotes":""},"categories":[1],"tags":[112,113],"class_list":["post-6068","post","type-post","status-publish","format-standard","has-post-thumbnail","hentry","category-articles","tag-change-dynamics","tag-collective-performance",""],"yoast_head":"<!-- This site is optimized with the Yoast SEO Premium plugin v24.2 (Yoast SEO v24.5) - https:\/\/yoast.com\/wordpress\/plugins\/seo\/ -->\n<title>Cynefin and the models from Spiral Dynamics - Paradigm21<\/title>\n<meta name=\"description\" content=\"The organizational models of Spiral Dynamics and their compatibility with each of the contexts of the Cynefin model.\" \/>\n<meta name=\"robots\" content=\"index, follow, max-snippet:-1, max-image-preview:large, max-video-preview:-1\" \/>\n<link rel=\"canonical\" href=\"https:\/\/paradigm21.ch\/en\/resources\/articles\/cynefin-and-the-organizational-models-of-spiral-dynamics-2-2\/\" \/>\n<meta property=\"og:locale\" content=\"en_US\" \/>\n<meta property=\"og:type\" content=\"article\" \/>\n<meta property=\"og:title\" content=\"Cynefin and the organizational models of Spiral Dynamics (2\/2)\" \/>\n<meta property=\"og:description\" content=\"The organizational models of Spiral Dynamics and their compatibility with each of the contexts of the Cynefin model.\" \/>\n<meta property=\"og:url\" content=\"https:\/\/paradigm21.ch\/en\/resources\/articles\/cynefin-and-the-organizational-models-of-spiral-dynamics-2-2\/\" \/>\n<meta property=\"og:site_name\" content=\"Paradigm21\" \/>\n<meta property=\"article:publisher\" content=\"https:\/\/www.facebook.com\/paradigm21.ch\" \/>\n<meta property=\"article:published_time\" content=\"2022-11-01T00:27:38+00:00\" \/>\n<meta property=\"article:modified_time\" content=\"2025-02-12T16:05:35+00:00\" \/>\n<meta property=\"og:image\" content=\"https:\/\/paradigm21.ch\/wp-content\/uploads\/2022\/11\/Model2-1-1024x382.png\" \/>\n\t<meta property=\"og:image:width\" content=\"1024\" \/>\n\t<meta property=\"og:image:height\" content=\"382\" \/>\n\t<meta property=\"og:image:type\" content=\"image\/png\" \/>\n<meta name=\"author\" content=\"Marc Mathys\" \/>\n<meta name=\"twitter:card\" content=\"summary_large_image\" \/>\n<meta name=\"twitter:label1\" content=\"Written by\" \/>\n\t<meta name=\"twitter:data1\" content=\"Marc Mathys\" \/>\n\t<meta name=\"twitter:label2\" content=\"Est. reading time\" \/>\n\t<meta name=\"twitter:data2\" content=\"18 minutes\" \/>\n<script type=\"application\/ld+json\" class=\"yoast-schema-graph\">{\"@context\":\"https:\/\/schema.org\",\"@graph\":[{\"@type\":\"WebPage\",\"@id\":\"https:\/\/paradigm21.ch\/en\/resources\/articles\/cynefin-and-the-organizational-models-of-spiral-dynamics-2-2\/\",\"url\":\"https:\/\/paradigm21.ch\/en\/resources\/articles\/cynefin-and-the-organizational-models-of-spiral-dynamics-2-2\/\",\"name\":\"Cynefin and the models from Spiral Dynamics - Paradigm21\",\"isPartOf\":{\"@id\":\"https:\/\/paradigm21.ch\/en\/#website\"},\"primaryImageOfPage\":{\"@id\":\"https:\/\/paradigm21.ch\/en\/resources\/articles\/cynefin-and-the-organizational-models-of-spiral-dynamics-2-2\/#primaryimage\"},\"image\":{\"@id\":\"https:\/\/paradigm21.ch\/en\/resources\/articles\/cynefin-and-the-organizational-models-of-spiral-dynamics-2-2\/#primaryimage\"},\"thumbnailUrl\":\"https:\/\/paradigm21.ch\/wp-content\/uploads\/2022\/11\/Model2-1.png\",\"datePublished\":\"2022-11-01T00:27:38+00:00\",\"dateModified\":\"2025-02-12T16:05:35+00:00\",\"author\":{\"@id\":\"https:\/\/paradigm21.ch\/en\/#\/schema\/person\/7fe66553c3c313bde0b62ad809f13f7b\"},\"description\":\"The organizational models of Spiral Dynamics and their compatibility with each of the contexts of the Cynefin model.\",\"breadcrumb\":{\"@id\":\"https:\/\/paradigm21.ch\/en\/resources\/articles\/cynefin-and-the-organizational-models-of-spiral-dynamics-2-2\/#breadcrumb\"},\"inLanguage\":\"en-US\",\"potentialAction\":[{\"@type\":\"ReadAction\",\"target\":[\"https:\/\/paradigm21.ch\/en\/resources\/articles\/cynefin-and-the-organizational-models-of-spiral-dynamics-2-2\/\"]}]},{\"@type\":\"ImageObject\",\"inLanguage\":\"en-US\",\"@id\":\"https:\/\/paradigm21.ch\/en\/resources\/articles\/cynefin-and-the-organizational-models-of-spiral-dynamics-2-2\/#primaryimage\",\"url\":\"https:\/\/paradigm21.ch\/wp-content\/uploads\/2022\/11\/Model2-1.png\",\"contentUrl\":\"https:\/\/paradigm21.ch\/wp-content\/uploads\/2022\/11\/Model2-1.png\",\"width\":6641,\"height\":2479},{\"@type\":\"BreadcrumbList\",\"@id\":\"https:\/\/paradigm21.ch\/en\/resources\/articles\/cynefin-and-the-organizational-models-of-spiral-dynamics-2-2\/#breadcrumb\",\"itemListElement\":[{\"@type\":\"ListItem\",\"position\":1,\"name\":\"Home\",\"item\":\"https:\/\/paradigm21.ch\/en\/\"},{\"@type\":\"ListItem\",\"position\":2,\"name\":\"Cynefin and the organizational models of Spiral Dynamics (2\/2)\"}]},{\"@type\":\"WebSite\",\"@id\":\"https:\/\/paradigm21.ch\/en\/#website\",\"url\":\"https:\/\/paradigm21.ch\/en\/\",\"name\":\"Paradigm21\",\"description\":\"\",\"potentialAction\":[{\"@type\":\"SearchAction\",\"target\":{\"@type\":\"EntryPoint\",\"urlTemplate\":\"https:\/\/paradigm21.ch\/en\/?s={search_term_string}\"},\"query-input\":{\"@type\":\"PropertyValueSpecification\",\"valueRequired\":true,\"valueName\":\"search_term_string\"}}],\"inLanguage\":\"en-US\"},{\"@type\":\"Person\",\"@id\":\"https:\/\/paradigm21.ch\/en\/#\/schema\/person\/7fe66553c3c313bde0b62ad809f13f7b\",\"name\":\"Marc Mathys\",\"image\":{\"@type\":\"ImageObject\",\"inLanguage\":\"en-US\",\"@id\":\"https:\/\/paradigm21.ch\/en\/#\/schema\/person\/image\/\",\"url\":\"https:\/\/paradigm21.ch\/wp-content\/uploads\/2024\/12\/marc-avatar.jpg\",\"contentUrl\":\"https:\/\/paradigm21.ch\/wp-content\/uploads\/2024\/12\/marc-avatar.jpg\",\"caption\":\"Marc Mathys\"},\"description\":\"Specialized in the diagnosis and supporting transformation, I combine Spiral Dynamics, Integral Vision with a human and holarchic approach to organizations. I founded Paradigm21 in 2018 to share 3 years of experience in creating and managing a \\\"distributed\\\" organization. I am committed to supporting the transformation of our society and its institutions. What motivated me to choose to accompany the emergence of a new paradigm Many of us are becoming increasingly aware of the environmental impact of our lifestyles, our food consumption, our energy use and our carbon footprint. A good number of years ago and like so many others, I started a (too) slow shift of my habits towards a fairer, more local, more sustainable consumption. Even though I still see many inconsistencies in my life choices, I am trying to bring awareness and acceptance of my imperfection. It would be wonderful if everyone took this same path, at their own pace and in their own way. Unfortunately however, this would not be enough. The challenges facing humanity and our planet are much greater, whether we are talking about global warming, the disappearance of species or the socio-economic disparities between the different layers of our societies as well as between rich and poor countries. I fear that the individual actions and citizen movements that are underway are far too slow to respond to the urgency of the current situation. In other words, if we don't find a way to get the economy on board, the future does not look good. However, the capitalist system as it was established in the 20th century tends to systematically privilege short-term gains and the creation of shareholder value to the detriment of any other measure. I am not advocating killing capitalism, but there is one principle that needs to be urgently reviewed. It is the one that allows companies to redistribute economic gains to shareholders while the negative impact of economic activities on the environment, health and society is ignored in the balance sheet of economic activity and becomes the responsibility of governments that try as best they can to limit the damage, but without giving themselves the means to do so since they are themselves primarily at the service of the economy. I am certain that the solution will come from the companies themselves and the people within them. What is needed to ensure that the awareness and lifestyle choices of individual employees are also translated into responsible behavior by the companies in which they work? There is very little missing in my opinion. What is needed is a shift in decision-making power from a small group of shareholders to a larger number of employees who are committed to taking their individual and collective responsibilities seriously. It is therefore urgent to put people at the center of the organization and to make room for collective intelligence in strategic choices. But this should not be at the expense of shareholders. As consumption choices also evolve, it will sooner or later become a simple matter of economic survival to be committed to a sustainable activity rather than continuing with the status quo. The new cultural and structural paradigm of organizations that we are accompanying is certainly a way to accelerate this change by starting to put people at the center. I am convinced that the transformation of organizations is a Trojan horse in the world of business and public authorities to enable a societal transformation on a much larger scale. The professional career that led me to do this activityLe parcours professionnel qui m'a amen\u00e9 \u00e0 exercer mon activit\u00e9 With an engineering degree and an MBA in my pocket, nothing predestined me for this line of work. I dreamt about it for a while during my one-year training as a professional coach, but as I didn't know where to start, I did absolutely nothing. I then moved into conscious entrepreneurship by co-founding ArboLife (the forerunner of Paradigm21) in 2015, which was recognized as a pioneer of the emerging paradigm of organizations in Switzerland. In 2018, it was after following a multitude of synchronicities that I was first inspired to co-create a training on distributed organizations, then attracted our first customers and finally co-found Paradigm21 by inviting other members to come and co-construct the company that we currently know. What is interesting about this experience is that there was never a strategy or goal to do coaching or training in this area, we just responded to what came our way by putting one foot in front of the other. Along the way, however, we have developed common visions for Paradigm21 but these are regularly updated to reflect the reality we experience. The biggest challenge I've faced in my evolution Although I was the initiator of new organizational practices in the different structures that I co-founded, I kept tripping over my old automatisms inherited from a previous career and the management jobs that I held. And today, almost 6 years after I started and despite my experience in training and accompanying other organizations on this same path, I continue to discover behaviors that I have in certain situations that do not support our own way of operating. Every time I think I've covered all the mistakes that can be made on this path of internal and organizational transformation, I stumble upon one more example of a trap I've fallen into. It is thanks to the tensions that my behaviors generate and to the feedbacks of my colleagues, which can be both benevolent and sometimes a little ruthless, that new opportunities for my own evolution are revealed. My favorite book I have many \\\"favorite\\\" books, but one of my latest finds is \\\"The Surrender Experiment\\\" by Micheal Singer. I devoured this book in the summer of 2021 and loved the way the author recounts a 30+ year career path in which he let go of every major decision. That is, instead of having a strategy and executing it by putting aside \\\"non-priority\\\" opportunities, he systematically accepted the opportunities that life presented to him, even if (and especially if) they went against what he had consciously chosen to do. And the result speaks for itself. Following one synchronicity after another, the sequence of events that have occurred is mind-boggling and of a nature that we, too, should trust life and let things that arise spontaneously unfold. If I could have a super power, it would be... To have a magic wand that allows me to free all the people I interact with from limiting beliefs that they are not aware of and open the doors to a world in which they are free to be who they really are and do what matters to them. Of course, I would first test this magic wand on myself. One thing from my bucket list To live a minimalist life in a Tiny House close to nature and with a garden to grow most of the fruits and vegetables to feed myself. The goal is not necessarily autonomy, but at least to drastically reduce my carbon footprint in relation to my consumption and my lifestyle.\",\"url\":\"https:\/\/paradigm21.ch\/en\/team\/marc-mathys\/\"}]}<\/script>\n<!-- \/ Yoast SEO Premium plugin. -->","yoast_head_json":{"title":"Cynefin and the models from Spiral Dynamics - Paradigm21","description":"The organizational models of Spiral Dynamics and their compatibility with each of the contexts of the Cynefin model.","robots":{"index":"index","follow":"follow","max-snippet":"max-snippet:-1","max-image-preview":"max-image-preview:large","max-video-preview":"max-video-preview:-1"},"canonical":"https:\/\/paradigm21.ch\/en\/resources\/articles\/cynefin-and-the-organizational-models-of-spiral-dynamics-2-2\/","og_locale":"en_US","og_type":"article","og_title":"Cynefin and the organizational models of Spiral Dynamics (2\/2)","og_description":"The organizational models of Spiral Dynamics and their compatibility with each of the contexts of the Cynefin model.","og_url":"https:\/\/paradigm21.ch\/en\/resources\/articles\/cynefin-and-the-organizational-models-of-spiral-dynamics-2-2\/","og_site_name":"Paradigm21","article_publisher":"https:\/\/www.facebook.com\/paradigm21.ch","article_published_time":"2022-11-01T00:27:38+00:00","article_modified_time":"2025-02-12T16:05:35+00:00","og_image":[{"width":1024,"height":382,"url":"https:\/\/paradigm21.ch\/wp-content\/uploads\/2022\/11\/Model2-1-1024x382.png","type":"image\/png"}],"author":"Marc Mathys","twitter_card":"summary_large_image","twitter_misc":{"Written by":"Marc Mathys","Est. reading time":"18 minutes"},"schema":{"@context":"https:\/\/schema.org","@graph":[{"@type":"WebPage","@id":"https:\/\/paradigm21.ch\/en\/resources\/articles\/cynefin-and-the-organizational-models-of-spiral-dynamics-2-2\/","url":"https:\/\/paradigm21.ch\/en\/resources\/articles\/cynefin-and-the-organizational-models-of-spiral-dynamics-2-2\/","name":"Cynefin and the models from Spiral Dynamics - Paradigm21","isPartOf":{"@id":"https:\/\/paradigm21.ch\/en\/#website"},"primaryImageOfPage":{"@id":"https:\/\/paradigm21.ch\/en\/resources\/articles\/cynefin-and-the-organizational-models-of-spiral-dynamics-2-2\/#primaryimage"},"image":{"@id":"https:\/\/paradigm21.ch\/en\/resources\/articles\/cynefin-and-the-organizational-models-of-spiral-dynamics-2-2\/#primaryimage"},"thumbnailUrl":"https:\/\/paradigm21.ch\/wp-content\/uploads\/2022\/11\/Model2-1.png","datePublished":"2022-11-01T00:27:38+00:00","dateModified":"2025-02-12T16:05:35+00:00","author":{"@id":"https:\/\/paradigm21.ch\/en\/#\/schema\/person\/7fe66553c3c313bde0b62ad809f13f7b"},"description":"The organizational models of Spiral Dynamics and their compatibility with each of the contexts of the Cynefin model.","breadcrumb":{"@id":"https:\/\/paradigm21.ch\/en\/resources\/articles\/cynefin-and-the-organizational-models-of-spiral-dynamics-2-2\/#breadcrumb"},"inLanguage":"en-US","potentialAction":[{"@type":"ReadAction","target":["https:\/\/paradigm21.ch\/en\/resources\/articles\/cynefin-and-the-organizational-models-of-spiral-dynamics-2-2\/"]}]},{"@type":"ImageObject","inLanguage":"en-US","@id":"https:\/\/paradigm21.ch\/en\/resources\/articles\/cynefin-and-the-organizational-models-of-spiral-dynamics-2-2\/#primaryimage","url":"https:\/\/paradigm21.ch\/wp-content\/uploads\/2022\/11\/Model2-1.png","contentUrl":"https:\/\/paradigm21.ch\/wp-content\/uploads\/2022\/11\/Model2-1.png","width":6641,"height":2479},{"@type":"BreadcrumbList","@id":"https:\/\/paradigm21.ch\/en\/resources\/articles\/cynefin-and-the-organizational-models-of-spiral-dynamics-2-2\/#breadcrumb","itemListElement":[{"@type":"ListItem","position":1,"name":"Home","item":"https:\/\/paradigm21.ch\/en\/"},{"@type":"ListItem","position":2,"name":"Cynefin and the organizational models of Spiral Dynamics (2\/2)"}]},{"@type":"WebSite","@id":"https:\/\/paradigm21.ch\/en\/#website","url":"https:\/\/paradigm21.ch\/en\/","name":"Paradigm21","description":"","potentialAction":[{"@type":"SearchAction","target":{"@type":"EntryPoint","urlTemplate":"https:\/\/paradigm21.ch\/en\/?s={search_term_string}"},"query-input":{"@type":"PropertyValueSpecification","valueRequired":true,"valueName":"search_term_string"}}],"inLanguage":"en-US"},{"@type":"Person","@id":"https:\/\/paradigm21.ch\/en\/#\/schema\/person\/7fe66553c3c313bde0b62ad809f13f7b","name":"Marc Mathys","image":{"@type":"ImageObject","inLanguage":"en-US","@id":"https:\/\/paradigm21.ch\/en\/#\/schema\/person\/image\/","url":"https:\/\/paradigm21.ch\/wp-content\/uploads\/2024\/12\/marc-avatar.jpg","contentUrl":"https:\/\/paradigm21.ch\/wp-content\/uploads\/2024\/12\/marc-avatar.jpg","caption":"Marc Mathys"},"description":"Specialized in the diagnosis and supporting transformation, I combine Spiral Dynamics, Integral Vision with a human and holarchic approach to organizations. I founded Paradigm21 in 2018 to share 3 years of experience in creating and managing a \"distributed\" organization. I am committed to supporting the transformation of our society and its institutions. What motivated me to choose to accompany the emergence of a new paradigm Many of us are becoming increasingly aware of the environmental impact of our lifestyles, our food consumption, our energy use and our carbon footprint. A good number of years ago and like so many others, I started a (too) slow shift of my habits towards a fairer, more local, more sustainable consumption. Even though I still see many inconsistencies in my life choices, I am trying to bring awareness and acceptance of my imperfection. It would be wonderful if everyone took this same path, at their own pace and in their own way. Unfortunately however, this would not be enough. The challenges facing humanity and our planet are much greater, whether we are talking about global warming, the disappearance of species or the socio-economic disparities between the different layers of our societies as well as between rich and poor countries. I fear that the individual actions and citizen movements that are underway are far too slow to respond to the urgency of the current situation. In other words, if we don't find a way to get the economy on board, the future does not look good. However, the capitalist system as it was established in the 20th century tends to systematically privilege short-term gains and the creation of shareholder value to the detriment of any other measure. I am not advocating killing capitalism, but there is one principle that needs to be urgently reviewed. It is the one that allows companies to redistribute economic gains to shareholders while the negative impact of economic activities on the environment, health and society is ignored in the balance sheet of economic activity and becomes the responsibility of governments that try as best they can to limit the damage, but without giving themselves the means to do so since they are themselves primarily at the service of the economy. I am certain that the solution will come from the companies themselves and the people within them. What is needed to ensure that the awareness and lifestyle choices of individual employees are also translated into responsible behavior by the companies in which they work? There is very little missing in my opinion. What is needed is a shift in decision-making power from a small group of shareholders to a larger number of employees who are committed to taking their individual and collective responsibilities seriously. It is therefore urgent to put people at the center of the organization and to make room for collective intelligence in strategic choices. But this should not be at the expense of shareholders. As consumption choices also evolve, it will sooner or later become a simple matter of economic survival to be committed to a sustainable activity rather than continuing with the status quo. The new cultural and structural paradigm of organizations that we are accompanying is certainly a way to accelerate this change by starting to put people at the center. I am convinced that the transformation of organizations is a Trojan horse in the world of business and public authorities to enable a societal transformation on a much larger scale. The professional career that led me to do this activityLe parcours professionnel qui m'a amen\u00e9 \u00e0 exercer mon activit\u00e9 With an engineering degree and an MBA in my pocket, nothing predestined me for this line of work. I dreamt about it for a while during my one-year training as a professional coach, but as I didn't know where to start, I did absolutely nothing. I then moved into conscious entrepreneurship by co-founding ArboLife (the forerunner of Paradigm21) in 2015, which was recognized as a pioneer of the emerging paradigm of organizations in Switzerland. In 2018, it was after following a multitude of synchronicities that I was first inspired to co-create a training on distributed organizations, then attracted our first customers and finally co-found Paradigm21 by inviting other members to come and co-construct the company that we currently know. What is interesting about this experience is that there was never a strategy or goal to do coaching or training in this area, we just responded to what came our way by putting one foot in front of the other. Along the way, however, we have developed common visions for Paradigm21 but these are regularly updated to reflect the reality we experience. The biggest challenge I've faced in my evolution Although I was the initiator of new organizational practices in the different structures that I co-founded, I kept tripping over my old automatisms inherited from a previous career and the management jobs that I held. And today, almost 6 years after I started and despite my experience in training and accompanying other organizations on this same path, I continue to discover behaviors that I have in certain situations that do not support our own way of operating. Every time I think I've covered all the mistakes that can be made on this path of internal and organizational transformation, I stumble upon one more example of a trap I've fallen into. It is thanks to the tensions that my behaviors generate and to the feedbacks of my colleagues, which can be both benevolent and sometimes a little ruthless, that new opportunities for my own evolution are revealed. My favorite book I have many \"favorite\" books, but one of my latest finds is \"The Surrender Experiment\" by Micheal Singer. I devoured this book in the summer of 2021 and loved the way the author recounts a 30+ year career path in which he let go of every major decision. That is, instead of having a strategy and executing it by putting aside \"non-priority\" opportunities, he systematically accepted the opportunities that life presented to him, even if (and especially if) they went against what he had consciously chosen to do. And the result speaks for itself. Following one synchronicity after another, the sequence of events that have occurred is mind-boggling and of a nature that we, too, should trust life and let things that arise spontaneously unfold. If I could have a super power, it would be... To have a magic wand that allows me to free all the people I interact with from limiting beliefs that they are not aware of and open the doors to a world in which they are free to be who they really are and do what matters to them. Of course, I would first test this magic wand on myself. One thing from my bucket list To live a minimalist life in a Tiny House close to nature and with a garden to grow most of the fruits and vegetables to feed myself. The goal is not necessarily autonomy, but at least to drastically reduce my carbon footprint in relation to my consumption and my lifestyle.","url":"https:\/\/paradigm21.ch\/en\/team\/marc-mathys\/"}]}},"_links":{"self":[{"href":"https:\/\/paradigm21.ch\/en\/wp-json\/wp\/v2\/posts\/6068","targetHints":{"allow":["GET"]}}],"collection":[{"href":"https:\/\/paradigm21.ch\/en\/wp-json\/wp\/v2\/posts"}],"about":[{"href":"https:\/\/paradigm21.ch\/en\/wp-json\/wp\/v2\/types\/post"}],"author":[{"embeddable":true,"href":"https:\/\/paradigm21.ch\/en\/wp-json\/wp\/v2\/users\/10"}],"replies":[{"embeddable":true,"href":"https:\/\/paradigm21.ch\/en\/wp-json\/wp\/v2\/comments?post=6068"}],"version-history":[{"count":3,"href":"https:\/\/paradigm21.ch\/en\/wp-json\/wp\/v2\/posts\/6068\/revisions"}],"predecessor-version":[{"id":7563,"href":"https:\/\/paradigm21.ch\/en\/wp-json\/wp\/v2\/posts\/6068\/revisions\/7563"}],"wp:featuredmedia":[{"embeddable":true,"href":"https:\/\/paradigm21.ch\/en\/wp-json\/wp\/v2\/media\/6301"}],"wp:attachment":[{"href":"https:\/\/paradigm21.ch\/en\/wp-json\/wp\/v2\/media?parent=6068"}],"wp:term":[{"taxonomy":"category","embeddable":true,"href":"https:\/\/paradigm21.ch\/en\/wp-json\/wp\/v2\/categories?post=6068"},{"taxonomy":"post_tag","embeddable":true,"href":"https:\/\/paradigm21.ch\/en\/wp-json\/wp\/v2\/tags?post=6068"}],"curies":[{"name":"wp","href":"https:\/\/api.w.org\/{rel}","templated":true}]}}